{"id":29037,"date":"2025-07-06T12:34:41","date_gmt":"2025-07-06T10:34:41","guid":{"rendered":"https:\/\/www.lvhf.cz\/?p=29037"},"modified":"2025-09-24T20:35:43","modified_gmt":"2025-09-24T18:35:43","slug":"pozvanka-na-11-rocnik-lednicko-valtickeho-hudebniho-festivalu-2026","status":"publish","type":"post","link":"https:\/\/www.lvhf.cz\/en\/pozvanka-na-11-rocnik-lednicko-valtickeho-hudebniho-festivalu-2026\/","title":{"rendered":"Invitation to the 11th Lednice-Valtice Music Festival 2026"},"content":{"rendered":"<p><\/p>\n<h2><span style=\"font-weight: 400; font-size: 24pt;\">From the glowing baroque to the music of modernity: the French journey of the Golden Carriage<\/span><\/h2>\n<p><span style=\"font-weight: 400;\"><br \/>\n<\/span><span style=\"font-weight: 400;\">We would sincerely love to invite you to the 11<\/span><span style=\"font-weight: 400;\">th<\/span><span style=\"font-weight: 400;\"> Lednice-Valtice Music Festival, which will be held in the spirit of French elegance and European cultural diplomacy of the 18<\/span><span style=\"font-weight: 400;\">th<\/span><span style=\"font-weight: 400;\"> and 19<\/span><span style=\"font-weight: 400;\">th<\/span><span style=\"font-weight: 400;\"> centuries in 2026. The main inspiration was the <\/span><i><span style=\"font-weight: 400;\">Golden Carriage <\/span><\/i><span style=\"font-weight: 400;\">of Prince Joseph Wenzel I von Liechtenstein \u2013 a symbol of power, taste and noble representation.<\/span><\/p>\n<p><span style=\"font-weight: 400;\">In December 1738, the court of Louis XV welcomed ceremonious arrival of an imperial envoy in his golden carriage \u2013 a representative of Central European culture, refined taste and diplomatic sophistication. His arrival in six sumptuous carriages, drawn by teams from the stud farms of Lednice and accompanied by the court\u2019s magnificent decorations, was not only a lavish ceremony, but above all a thoughtful gesture of cultural diplomacy.<\/span><\/p>\n<p><span style=\"font-weight: 400;\">This legacy will also come to life in the festival programme itself. We are very pleased to welcome <\/span><b>Orchestre, Ch\u0153ur et Acad\u00e9mie de l\u2019Op\u00e9ra Royal de Versailles <\/b><span style=\"font-weight: 400;\">conducted by <\/span><b>Ga\u00e9tan Jarry<\/b><span style=\"font-weight: 400;\">, who will perform sacred pieces <\/span><i><span style=\"font-weight: 400;\">Le\u00e7ons de T\u00e9n\u00e8bres <\/span><\/i><span style=\"font-weight: 400;\">and <\/span><i><span style=\"font-weight: 400;\">Miserere<\/span><\/i><span style=\"font-weight: 400;\"> by <\/span><b>Fran\u00e7ois Couperin<\/b><span style=\"font-weight: 400;\"> together with exceptional sopranos <\/span><b>Catherine Trottmann <\/b><span style=\"font-weight: 400;\">and <\/span><b>Ana Vieira Leite<\/b><span style=\"font-weight: 400;\">. French repertoire in the context of the Czech Baroque tradition will be presented by <\/span><b>Collegium 1704<\/b><span style=\"font-weight: 400;\"> with <\/span><b>V\u00e1clav Luks<\/b><span style=\"font-weight: 400;\">, whose interpretation combines historical accuracy with artistic depth, and <\/span><b>Collegium Marianum <\/b><span style=\"font-weight: 400;\">leaded by <\/span><b>Jana Semer\u00e1dov\u00e1<\/b><span style=\"font-weight: 400;\">, performing on 19 September at the LVMF Prologue in the Garden Palace in Vienna, where the famous Golden Carriage will be displayed as well.<\/span><\/p>\n<p><span style=\"font-weight: 400;\">After several years, violinist <\/span><b>Cosima Soulez Larivi\u00e8re<\/b><span style=\"font-weight: 400;\"> returns to the festival with<\/span> <span style=\"font-weight: 400;\">distinctive recital programme promising a powerful musical experience. LVMF Final Gala will belong to the world-renowned soprano <\/span><b>Sandra<\/b> <b>Hamaoui<\/b><span style=\"font-weight: 400;\"> and iconic <\/span><i><span style=\"font-weight: 400;\">Bolero<\/span><\/i><span style=\"font-weight: 400;\"> by <\/span><b>Ravel<\/b><span style=\"font-weight: 400;\"> and performed by <\/span><b>Bohuslav Martin\u016f Philharmonic Orchestra<\/b><span style=\"font-weight: 400;\"> offering an emotional end to the whole festival.<\/span><\/p>\n<p><span style=\"font-weight: 400;\">Our great pleasure is an exclusive musical journey to Versailles, which we are organising in collaboration with <\/span><b>Ch\u00e2teau Versailles Spectacles<\/b><span style=\"font-weight: 400;\"> as a gratitude to our key supporters and patrons. They will have a unique opportunity to experience not only royal opera directly in the setting of the Palace of Versailles \u2013 the place where European musical history was written.<\/span><\/p>\n<p><span style=\"font-weight: 400;\">In 2026, the festival will be a tribute to sophisticated representation, enlightened patronage and a European cultural identity formed not only in diplomatic courts but also on concert stages. As the Empress Maria Theresa herself said about the Prince Joseph Wenzel I von Liechtenstein: <\/span><i><span style=\"font-weight: 400;\">\u201cHe was a man like no other can longer be found.\u201d <\/span><\/i><span style=\"font-weight: 400;\">(1772)<\/span><\/p>\n<p><span style=\"font-weight: 400;\">We are looking forward to welcome you to the Lednice-Valtice area.<\/span><\/p>\n<p><b>Ji\u0159\u00ed Partyka<\/b><span style=\"font-weight: 400;\"> LVMF director<\/span><\/p>\n<p>&nbsp;<\/p>\n<p><span style=\"font-family: 'times new roman', times, serif;\">Header image:<\/span><br \/>\n<span style=\"font-family: 'times new roman', times, serif;\"><b><i>Fran\u00e7ois Boucher <\/i><\/b><i><span style=\"font-weight: 400;\">(1703\u20131770), <\/span><\/i><b><i>Nicolas Pineau <\/i><\/b><i><span style=\"font-weight: 400;\">(1684\u20131754)<\/span><\/i><i><span style=\"font-weight: 400;\"><br \/>\n<\/span><\/i><i><span style=\"font-weight: 400;\">The Golden Carriage of Prince Joseph Wenzel I of Liechtenstein<\/span><\/i><i><span style=\"font-weight: 400;\">, 1738<\/span><\/i><i><span style=\"font-weight: 400;\"><br \/>\n<\/span><\/i><i><span style=\"font-weight: 400;\">LIECHTENSTEIN. The Princely Collections, Vaduz\u2013Vienna<\/span><\/i><\/span><\/p>","protected":false},"excerpt":{"rendered":"<p>From the glowing baroque to the music of modernity: the French journey of the Golden Carriage We would sincerely love to invite you to the 11th Lednice-Valtice Music Festival, which will be held in the spirit of French elegance and European cultural diplomacy of the 18th and 19th centuries in 2026. The main inspiration was [&#46;&#46;&#46;]<\/p>\n","protected":false},"author":9,"featured_media":29040,"comment_status":"closed","ping_status":"closed","sticky":false,"template":"","format":"standard","meta":{"footnotes":""},"categories":[111],"tags":[],"fotogalerie":[],"hudebni-video":[],"acf":[],"_links":{"self":[{"href":"https:\/\/www.lvhf.cz\/en\/wp-json\/wp\/v2\/posts\/29037"}],"collection":[{"href":"https:\/\/www.lvhf.cz\/en\/wp-json\/wp\/v2\/posts"}],"about":[{"href":"https:\/\/www.lvhf.cz\/en\/wp-json\/wp\/v2\/types\/post"}],"author":[{"embeddable":true,"href":"https:\/\/www.lvhf.cz\/en\/wp-json\/wp\/v2\/users\/9"}],"replies":[{"embeddable":true,"href":"https:\/\/www.lvhf.cz\/en\/wp-json\/wp\/v2\/comments?post=29037"}],"version-history":[{"count":6,"href":"https:\/\/www.lvhf.cz\/en\/wp-json\/wp\/v2\/posts\/29037\/revisions"}],"predecessor-version":[{"id":29249,"href":"https:\/\/www.lvhf.cz\/en\/wp-json\/wp\/v2\/posts\/29037\/revisions\/29249"}],"wp:featuredmedia":[{"embeddable":true,"href":"https:\/\/www.lvhf.cz\/en\/wp-json\/wp\/v2\/media\/29040"}],"wp:attachment":[{"href":"https:\/\/www.lvhf.cz\/en\/wp-json\/wp\/v2\/media?parent=29037"}],"wp:term":[{"taxonomy":"category","embeddable":true,"href":"https:\/\/www.lvhf.cz\/en\/wp-json\/wp\/v2\/categories?post=29037"},{"taxonomy":"post_tag","embeddable":true,"href":"https:\/\/www.lvhf.cz\/en\/wp-json\/wp\/v2\/tags?post=29037"},{"taxonomy":"fotogalerie","embeddable":true,"href":"https:\/\/www.lvhf.cz\/en\/wp-json\/wp\/v2\/fotogalerie?post=29037"},{"taxonomy":"hudebni-video","embeddable":true,"href":"https:\/\/www.lvhf.cz\/en\/wp-json\/wp\/v2\/hudebni-video?post=29037"}],"curies":[{"name":"wp","href":"https:\/\/api.w.org\/{rel}","templated":true}]}}