{"id":29037,"date":"2025-07-06T12:34:41","date_gmt":"2025-07-06T10:34:41","guid":{"rendered":"https:\/\/www.lvhf.cz\/?p=29037"},"modified":"2025-09-24T20:35:43","modified_gmt":"2025-09-24T18:35:43","slug":"pozvanka-na-11-rocnik-lednicko-valtickeho-hudebniho-festivalu-2026","status":"publish","type":"post","link":"https:\/\/www.lvhf.cz\/de\/pozvanka-na-11-rocnik-lednicko-valtickeho-hudebniho-festivalu-2026\/","title":{"rendered":"Einladung zum 11. Jahrgang des Lednice-Valtice Musikfestivals 2026"},"content":{"rendered":"<p><\/p>\n<h2><span style=\"font-weight: 400; font-size: 24pt;\">Vom leuchtenden Barock zur Musik der Moderne: die franz\u00f6sische Reise des Goldenen Wagens<\/span><\/h2>\n<p><span style=\"font-weight: 400;\">Wir laden Sie herzlich zum 11. Jahrgang des Lednice-Valtice Musikfestivals im Jahr 2026 ein, das vom Geiste der franz\u00f6sischen Eleganz und der europ\u00e4ischen Kulturdiplomatie des 18. und 19. Jahrhunderts getragen wird. Die Hauptinspiration wurde die <\/span><i><span style=\"font-weight: 400;\">Goldene Kutsche<\/span><\/i><span style=\"font-weight: 400;\"> des F\u00fcrsten Joseph Wenzel I. von Liechtenstein &#8211; ein Symbol der Macht, des Geschmacks und der gehobenen Repr\u00e4sentation.<\/span><\/p>\n<p><span style=\"font-weight: 400;\">Im Dezember 1738 reiste ein kaiserlicher Gesandter feierlich in seiner goldenen Kutsche &#8211; einem Repr\u00e4sentanten der mitteleurop\u00e4ischen Kultur, des erlesenen Geschmacks und der diplomatischen Raffinesse &#8211; am Hof von Ludwig XV. an. Seine Ankunft in sechs pr\u00e4chtigen Kutschen, gezogen von Gespannen aus den Lednicer Gest\u00fcten und begleitet von einer pr\u00e4chtigen Hofgarderobe, war nicht nur eine aufwendige Zeremonie, sondern vor allem eine durchdachte Geste der Kulturdiplomatie.<\/span><\/p>\n<p><span style=\"font-weight: 400;\">Dieses Verm\u00e4chtnis wird auch im Programm des Festivals selbst lebendig werden. Mit gro\u00dfer Freude begr\u00fc\u00dfen wir das <\/span><b>Orchestre, Ch\u0153ur et Acad\u00e9mie de l&#8217;Op\u00e9ra Royal de Versailles<\/b><span style=\"font-weight: 400;\"> unter der Leitung von <\/span><b>Ga\u00e9tan Jarry<\/b><span style=\"font-weight: 400;\">, das zusammen mit den au\u00dfergew\u00f6hnlichen Sopranistinnen <\/span><b>Catherine Trottmann<\/b><span style=\"font-weight: 400;\"> und <\/span><b>Ana Vieira Leite<\/b><span style=\"font-weight: 400;\"> die geistlichen Werke <\/span><i><span style=\"font-weight: 400;\">Le\u00e7ons de T\u00e9n\u00e8bres<\/span><\/i><span style=\"font-weight: 400;\"> und <\/span><i><span style=\"font-weight: 400;\">Miserere<\/span><\/i><span style=\"font-weight: 400;\"> von <\/span><i><span style=\"font-weight: 400;\">Fran\u00e7ois Couperin<\/span><\/i><span style=\"font-weight: 400;\"> auff\u00fchren wird. Das franz\u00f6sische Repertoire im Kontext der tschechischen Barocktradition pr\u00e4sentieren das <\/span><b>Collegium 1704<\/b><span style=\"font-weight: 400;\"> mit <\/span><b>V\u00e1clav Luks<\/b><span style=\"font-weight: 400;\">, dessen Interpretation historische Genauigkeit mit k\u00fcnstlerischer Tiefe verbindet, und das <\/span><b>Collegium Marianum <\/b><span style=\"font-weight: 400;\">unter der Leitung von <\/span><b>Jana Semer\u00e1dov\u00e1<\/b><span style=\"font-weight: 400;\">, das am 19. September beim Prolog des Festivals im Wiener Gartenpalais auftritt, wo auch die ber\u00fchmte Goldene Kutsche zu sehen sein wird.<\/span><\/p>\n<p><span style=\"font-weight: 400;\">Nach mehreren Jahren kehrt die Geigerin <\/span><b>Cosima Soulez Larivi\u00e8re<\/b><span style=\"font-weight: 400;\"> zum Festival zur\u00fcck, deren besonderes Rezital-Programm ein eindrucksvolles Musikerlebnis verspricht. Das Abschluss-Galakonzert geh\u00f6rt der Weltklasse-Sopranistin <\/span><b>Sandra Hamaoui<\/b><span style=\"font-weight: 400;\"> und <\/span><b>Ravels<\/b><span style=\"font-weight: 400;\"> ikonischem <\/span><i><span style=\"font-weight: 400;\">Bolero<\/span><\/i><span style=\"font-weight: 400;\">, dessen festliche Auff\u00fchrung durch die Bohuslav-Martin\u016f-Philharmonie einen w\u00fcrdigen und emotionalen Abschluss des gesamten Festivals bilden wird.<\/span><\/p>\n<p><span style=\"font-weight: 400;\">Eine gro\u00dfe Freude ist uns eine exklusive musikalische Reise nach Versailles, die wir in Zusammenarbeit mit <\/span><b>Ch\u00e2teau Versailles Spectacles <\/b><span style=\"font-weight: 400;\">als Dankesch\u00f6n f\u00fcr unsere wichtigsten F\u00f6rderer und M\u00e4zene veranstalten. Sie werden die einmalige Gelegenheit haben, unter anderem die K\u00f6nigliche Oper direkt in der Umgebung von Schloss Versailles zu erleben \u2013 dem Ort, an dem europ\u00e4ische Musikgeschichte geschrieben wurde.<\/span><\/p>\n<p><span style=\"font-weight: 400;\">Im Jahr 2026 werden die Festspiele eine Hommage an die kultivierte Repr\u00e4sentation, das aufgekl\u00e4rte M\u00e4zenatentum und die europ\u00e4ische kulturelle Identit\u00e4t sein, die nicht nur an den diplomatischen H\u00f6fen, sondern auch auf den Konzertb\u00fchnen gepr\u00e4gt wurde. Wie Kaiserin Maria Theresia selbst \u00fcber F\u00fcrst Joseph I. sagte: \u201eEr war ein Mann, wie man ihn nicht wiederfinden kann.\u201c (1772)<\/span><\/p>\n<p><span style=\"font-weight: 400;\">Wir freuen uns auf Sie in der Region Lednice-Valtice.<\/span><\/p>\n<p><b>Ji\u0159\u00ed Partyka <\/b><span style=\"font-weight: 400;\">Leiter des Lednice-Valtice Musikfestivals<\/span><\/p>\n<p>&nbsp;<\/p>\n<p><span style=\"font-family: 'times new roman', times, serif;\">Titelbild:<\/span><br \/>\n<span style=\"font-family: 'times new roman', times, serif;\"><b><i>Fran\u00e7ois Boucher <\/i><\/b><i><span style=\"font-weight: 400;\">(1703\u20131770), <\/span><\/i><b><i>Nicolas Pineau <\/i><\/b><i><span style=\"font-weight: 400;\">(1684\u20131754)<\/span><\/i><i><span style=\"font-weight: 400;\"><br \/>\n<\/span><\/i><i><span style=\"font-weight: 400;\">The Golden Carriage of Prince Joseph Wenzel I of Liechtenstein<\/span><\/i><i><span style=\"font-weight: 400;\">, 1738<\/span><\/i><i><span style=\"font-weight: 400;\"><br \/>\n<\/span><\/i><i><span style=\"font-weight: 400;\">LIECHTENSTEIN. The Princely Collections, Vaduz\u2013Vienna<\/span><\/i><\/span><\/p>","protected":false},"excerpt":{"rendered":"<p>Vom leuchtenden Barock zur Musik der Moderne: die franz\u00f6sische Reise des Goldenen Wagens Wir laden Sie herzlich zum 11. Jahrgang des Lednice-Valtice Musikfestivals im Jahr 2026 ein, das vom Geiste der franz\u00f6sischen Eleganz und der europ\u00e4ischen Kulturdiplomatie des 18. und 19. Jahrhunderts getragen wird. Die Hauptinspiration wurde die Goldene Kutsche des F\u00fcrsten Joseph Wenzel I. [&#46;&#46;&#46;]<\/p>\n","protected":false},"author":9,"featured_media":29040,"comment_status":"closed","ping_status":"closed","sticky":false,"template":"","format":"standard","meta":{"footnotes":""},"categories":[111],"tags":[],"fotogalerie":[],"hudebni-video":[],"acf":[],"_links":{"self":[{"href":"https:\/\/www.lvhf.cz\/de\/wp-json\/wp\/v2\/posts\/29037"}],"collection":[{"href":"https:\/\/www.lvhf.cz\/de\/wp-json\/wp\/v2\/posts"}],"about":[{"href":"https:\/\/www.lvhf.cz\/de\/wp-json\/wp\/v2\/types\/post"}],"author":[{"embeddable":true,"href":"https:\/\/www.lvhf.cz\/de\/wp-json\/wp\/v2\/users\/9"}],"replies":[{"embeddable":true,"href":"https:\/\/www.lvhf.cz\/de\/wp-json\/wp\/v2\/comments?post=29037"}],"version-history":[{"count":6,"href":"https:\/\/www.lvhf.cz\/de\/wp-json\/wp\/v2\/posts\/29037\/revisions"}],"predecessor-version":[{"id":29249,"href":"https:\/\/www.lvhf.cz\/de\/wp-json\/wp\/v2\/posts\/29037\/revisions\/29249"}],"wp:featuredmedia":[{"embeddable":true,"href":"https:\/\/www.lvhf.cz\/de\/wp-json\/wp\/v2\/media\/29040"}],"wp:attachment":[{"href":"https:\/\/www.lvhf.cz\/de\/wp-json\/wp\/v2\/media?parent=29037"}],"wp:term":[{"taxonomy":"category","embeddable":true,"href":"https:\/\/www.lvhf.cz\/de\/wp-json\/wp\/v2\/categories?post=29037"},{"taxonomy":"post_tag","embeddable":true,"href":"https:\/\/www.lvhf.cz\/de\/wp-json\/wp\/v2\/tags?post=29037"},{"taxonomy":"fotogalerie","embeddable":true,"href":"https:\/\/www.lvhf.cz\/de\/wp-json\/wp\/v2\/fotogalerie?post=29037"},{"taxonomy":"hudebni-video","embeddable":true,"href":"https:\/\/www.lvhf.cz\/de\/wp-json\/wp\/v2\/hudebni-video?post=29037"}],"curies":[{"name":"wp","href":"https:\/\/api.w.org\/{rel}","templated":true}]}}