{"id":29027,"date":"2025-06-22T21:50:06","date_gmt":"2025-06-22T19:50:06","guid":{"rendered":"https:\/\/www.lvhf.cz\/?p=29027"},"modified":"2025-07-22T21:17:50","modified_gmt":"2025-07-22T19:17:50","slug":"zdravice-reditele-lvhf-jiriho-partyky-2","status":"publish","type":"post","link":"https:\/\/www.lvhf.cz\/de\/zdravice-reditele-lvhf-jiriho-partyky-2\/","title":{"rendered":"Geleitwort LVMF 2024 des Direktors des LVMF Ji\u0159\u00ed Partyka"},"content":{"rendered":"<p>Verehrte und liebe Freunde der Musik,<\/p>\n<p>mit gro\u00dfer Freude begr\u00fc\u00dfe ich Sie zum Jubil\u00e4umsjahrgang des Lednice-Valtice Musikfestivals, das heuer sein 10-j\u00e4hriges Bestehen feiert.<\/p>\n<p>Was vor zehn Jahren aus Begeisterung, Glaube und Entschlossenheit geboren wurde, ist heute ein fester Bestandteil des kulturellen Lebens unserer Region geworden. Ich erinnere mich noch lebhaft an den Moment, als das Bezirksgericht in Br\u00fcnn die Gr\u00fcndung unseres Vereins LVHF z.s. offiziell best\u00e4tigte, der sich f\u00fcr immer in mein Ged\u00e4chtnis eingebrannt hat. Und das nicht nur dank dieses formalen Meilensteins. Am selben Tag wurde auch unsere j\u00fcngere Tochter Nela geboren. Mit einem L\u00e4cheln sage ich darum, dass dies der Tag war, an dem die \u201eZwillinge\u201c zur Welt kamen. Und ich w\u00fcnsche mir von ganzem Herzen, dass beide Kinder weiter wachsen, reifen und, so es ihnen gegeben ist, eines Tages die Grenzen unserer Zeit \u00fcberschreiten.<\/p>\n<p>Der heurige Jahrgang steht im Zeichen Amerikas. So wie der liechtensteinische G\u00e4rtner Joseph van der Schot Samen und Pflanzen aus der Neuen Welt in die Parks von Lednice und Valtice brachte, so bringt Ihnen das LVMF in diesem Jahr K\u00fcnstler und Komponisten, die mit Amerika in Verbindung stehen.<\/p>\n<p>Zum ersten Mal hei\u00dft Sie das Festival im <strong>Mozartsaal des Br\u00fcnner Reduta-Theaters<\/strong> willkommen, wo es einen festlichen <strong>Prolog<\/strong> pr\u00e4sentiert. In der tschechischen Erstauff\u00fchrung werden Sie das au\u00dfergew\u00f6hnliche Multimediast\u00fcck <strong>LIFE: A Journey Through Time<\/strong> h\u00f6ren und sehen &#8211; <strong>Philip Glass<\/strong>&#8218; anregende Musik kombiniert mit den atemberaubenden Naturfotografien<strong> Frans Lantings<\/strong>. Aus dem amerikanische Dallas kommt das Vokalquartett <strong>Kings Return<\/strong> zu uns, das in seinem A-cappella-Stil Gospel, R&amp;B und ber\u00fchmte Filmmelodien gef\u00fchlvoll miteinander verbindet.<\/p>\n<p>Und ganz zum Schluss haben wir einen echten H\u00f6hepunkt vorbereitet &#8211; den ersten <strong>Auftritt der Slowakischen Philharmonie<\/strong> bei unserem Festival. Das hervorragende Orchester wird Dvo\u0159\u00e1ks Sinfonie Nr. 9 \u201eAus der Neuen Welt\u201c festlich zur Auff\u00fchrung bringen &#8211; ein Werk, das in Amerika geschrieben wurde, aber tief in der tschechischen Seele verwurzelt ist.<\/p>\n<p>Nicht zuletzt wird es auch ein <strong>Begleitprogramm geben<\/strong>, zu dem ein den Gebr\u00fcdern <strong>Bauer<\/strong> gewidmeter Vortrag geh\u00f6rt, es geht um die bedeutenden Maler botanischer Atlanten, die in diesem Jahr unseren visuellen Auftritt zieren. Sie stammen aus <strong>Feldsberg-Valtice<\/strong> und ich freue mich, dass wir auch auf diese Weise ihr Leben den Bewohnern der Tschechischen Republik und andernorts n\u00e4her bringen k\u00f6nnen.<\/p>\n<p>Mein aufrichtiger Dank gilt allen Partnern, M\u00e4zenen und Institutionen, die das Festival unterst\u00fctzen, sowie all jenen, die bisher an seiner Entstehung und Durchf\u00fchrung beteiligt waren oder sind. Lassen Sie uns gemeinsam zehn Jahre voller Musik, Geschichten und Begegnungen feiern!<\/p>\n<p>Hochachtungsvoll,<\/p>\n<p><strong>Ji\u0159\u00ed Partyka<\/strong> Leiter des Lednice-Valtice Musikfestivals<\/p>","protected":false},"excerpt":{"rendered":"<p>Verehrte und liebe Freunde der Musik, mit gro\u00dfer Freude begr\u00fc\u00dfe ich Sie zum Jubil\u00e4umsjahrgang des Lednice-Valtice Musikfestivals, das heuer sein 10-j\u00e4hriges Bestehen feiert. Was vor zehn Jahren aus Begeisterung, Glaube und Entschlossenheit geboren wurde, ist heute ein fester Bestandteil des kulturellen Lebens unserer Region geworden. Ich erinnere mich noch lebhaft an den Moment, als das [&#46;&#46;&#46;]<\/p>\n","protected":false},"author":9,"featured_media":29031,"comment_status":"closed","ping_status":"closed","sticky":false,"template":"","format":"standard","meta":{"footnotes":""},"categories":[111],"tags":[],"fotogalerie":[],"hudebni-video":[],"acf":[],"_links":{"self":[{"href":"https:\/\/www.lvhf.cz\/de\/wp-json\/wp\/v2\/posts\/29027"}],"collection":[{"href":"https:\/\/www.lvhf.cz\/de\/wp-json\/wp\/v2\/posts"}],"about":[{"href":"https:\/\/www.lvhf.cz\/de\/wp-json\/wp\/v2\/types\/post"}],"author":[{"embeddable":true,"href":"https:\/\/www.lvhf.cz\/de\/wp-json\/wp\/v2\/users\/9"}],"replies":[{"embeddable":true,"href":"https:\/\/www.lvhf.cz\/de\/wp-json\/wp\/v2\/comments?post=29027"}],"version-history":[{"count":3,"href":"https:\/\/www.lvhf.cz\/de\/wp-json\/wp\/v2\/posts\/29027\/revisions"}],"predecessor-version":[{"id":29269,"href":"https:\/\/www.lvhf.cz\/de\/wp-json\/wp\/v2\/posts\/29027\/revisions\/29269"}],"wp:featuredmedia":[{"embeddable":true,"href":"https:\/\/www.lvhf.cz\/de\/wp-json\/wp\/v2\/media\/29031"}],"wp:attachment":[{"href":"https:\/\/www.lvhf.cz\/de\/wp-json\/wp\/v2\/media?parent=29027"}],"wp:term":[{"taxonomy":"category","embeddable":true,"href":"https:\/\/www.lvhf.cz\/de\/wp-json\/wp\/v2\/categories?post=29027"},{"taxonomy":"post_tag","embeddable":true,"href":"https:\/\/www.lvhf.cz\/de\/wp-json\/wp\/v2\/tags?post=29027"},{"taxonomy":"fotogalerie","embeddable":true,"href":"https:\/\/www.lvhf.cz\/de\/wp-json\/wp\/v2\/fotogalerie?post=29027"},{"taxonomy":"hudebni-video","embeddable":true,"href":"https:\/\/www.lvhf.cz\/de\/wp-json\/wp\/v2\/hudebni-video?post=29027"}],"curies":[{"name":"wp","href":"https:\/\/api.w.org\/{rel}","templated":true}]}}