{"id":21351,"date":"2023-07-10T07:53:12","date_gmt":"2023-07-10T05:53:12","guid":{"rendered":"https:\/\/www.lvhf.cz\/?p=21351"},"modified":"2023-09-13T16:18:51","modified_gmt":"2023-09-13T14:18:51","slug":"einladung-lvmf-2024","status":"publish","type":"post","link":"https:\/\/www.lvhf.cz\/de\/einladung-lvmf-2024\/","title":{"rendered":"Einladung LVMF 2024"},"content":{"rendered":"<p>Sehr geehrte Zuh\u00f6rerinnen und Zuh\u00f6rer, gesch\u00e4tzte Unterst\u00fctzerinnen und Unterst\u00fctzer des LVMF,<\/p>\n<p>&nbsp;<\/p>\n<p>&nbsp;<\/p>\n<p>erlauben Sie mir, Ihnen das kommende Festival vorzustellen, das Sie in die mystische Zeit des Lednice-Valtice-Areals entf\u00fchren wird, das eng mit seiner historischen Bedeutung verbunden ist. Der Lednice Park, einer der bedeutendsten Gartenkomplexe in Mitteleuropa, zieht nach wie vor mit seinem reichen architektonischen Erbe die Aufmerksamkeit auf sich. Seine innere Struktur und Symbolik spiegeln die einflussreichen Ideen der Freimaurerei und \u00e4sthetischen Prinzipien wider, die auch die Dramaturgie des Lednice-Valtice-Musikfestivals 2024 inspirierten.<\/p>\n<p>Eine Schl\u00fcsselfigur bei der Gestaltung des Lednice Parks war <strong>Joseph Hardtmuth (<\/strong>1758-1816), ein Architekt, Erfinder und sp\u00e4ter Gr\u00fcnder der Bleistiftfabrik KOH-I-NOOR (\u00fcbersetzt aus dem Persischen &#8222;Berg des Lichts&#8220;). Seine Aufkl\u00e4rungsbegeisterung f\u00fcr Architektur und Sch\u00f6nheit verband ihn mit dem damaligen F\u00fcrsten und Kunstm\u00e4zen <strong>Alois I. von Liechtenstein<\/strong> (1759-1805). Gerade diese enge Freundschaft und Zusammenarbeit brachten nicht nur \u00e4sthetische Sch\u00f6nheit in den Park, sondern auch symbolische Tiefe &#8211; der Lednice Park wurde zu einem Ort, der die philosophischen und k\u00fcnstlerischen Werte beider M\u00e4nner durch architektonische Elemente mit freimaurerischer Symbolik reflektiert. Der zentrale Teil des alten Parks war der sogenannte &#8222;Stern&#8220;, der Ende des 17. Jahrhunderts im barocken Stil mit B\u00e4umen und Blumen in geometrischen Mustern und Symbolen angelegt wurde. In der Folge wurde in der Mitte des Sterns zwischen 1794 und 1795 der Sonnentempel errichtet. Von dort aus f\u00fchrten acht Alleen von J\u00edrovec-B\u00e4umen, die von den dominierenden Elementen des Parks ges\u00e4umt waren. Von der einstigen Sch\u00f6nheit des Freimaurergartens ist heute nur noch ein Torso \u00fcbrig geblieben, aber die jedes Jahr bl\u00fchenden alten J\u00edrovec-B\u00e4ume erinnern immer noch an vergangene Zeiten und schaffen eine einzigartige Atmosph\u00e4re.<\/p>\n<p>Der Prolog des Festivals im Jahr 2024 wird auf Schloss Lichten\u0161tejn in <strong>Moravsk\u00fd Krumlov<\/strong> stattfinden, wo der Feldmarschall <strong>Karl Borrom\u00e4us Joseph von Liechtenstein<\/strong> (1730-1789) mit seiner Frau Maria Eleonora lebte. Er und sp\u00e4ter auch <strong>Jan I.<\/strong> (1760-1836), der F\u00fcrst aus der Hauptlinie des Adelsgeschlechts, waren Mitglieder der Wiener Freimaurerloge St. Josef und bekannten sich zu den sogenannten &#8222;Asiatischen Br\u00fcdern&#8220;. Das Schloss beherbergt derzeit auch das ber\u00fchmte Werk des Freimaurer-Gro\u00dfmeisters <strong>Alphonse Mucha<\/strong>, die Slawische Epop\u00f6e, die die Besucher im Rahmen dieses Konzerts besichtigen k\u00f6nnen.<\/p>\n<p>Erw\u00e4hnenswert ist auch der Name des Rechtsanwalts, Lehrers, Aufkl\u00e4rers, Freimaurers und Schriftstellers <strong>Joseph von Sonnenfels<\/strong>, geb\u00fcrtig aus Mikulov in M\u00e4hren. Seine Freundschaft mit Mozart, Haydn und Beethoven trug zur Bereicherung des kulturellen und gesellschaftlichen Lebens jener Zeit bei. Beethoven widmete Sonnenfels sogar seine Klaviersonate op. 28. Beide verehrten die Ideale von Freiheit und Respekt vor freier Kunst, den Hauptprinzipien der Freimaurerei. Dies wird sicherlich auch beim Abschlusskonzert des LVMF sp\u00fcrbar sein, wenn Beethovens 9. Sinfonie in der Reitschule von Schloss Valtice erklingen wird, die eine Botschaft der Einheit und Br\u00fcderlichkeit in Verbindung mit unserer kulturellen Identit\u00e4t und Erbe vermittelt. Das Festival pr\u00e4sentiert Werke weiterer Komponisten, die sich von der Gedankenstr\u00f6mung der Freimaurerei von der Aufkl\u00e4rung bis zur fast heutigen Zeit inspirieren lie\u00dfen: <strong>W. A. Mozart<\/strong>,<strong> J. Ch. Bach<\/strong>,<strong> J. Haydn<\/strong>,<strong> J. N. Hummel<\/strong>, <strong>F. Liszt<\/strong>,<strong> J. Sibelius<\/strong>, <strong>D. Ellington<\/strong> und andere. Ihre Kompositionen werden von erstklassigen K\u00fcnstlern aufgef\u00fchrt, wobei der renommierte Geiger <strong>Maxim Vengerov<\/strong> als Hauptstar des Festivals gelten wird. Aus der Tschechischen Republik werden das <strong>PKF &#8211; Prague Philharmonia<\/strong>, die Fl\u00f6tistin <strong>Jana Semer\u00e1dov\u00e1<\/strong>, das <strong>Ensemble Clarimonia<\/strong> mit <strong>Irvin Veny\u0161<\/strong>, <strong>Musica Florea<\/strong>, das <strong>Czech Ensemble Baroque Orchestra<\/strong> &amp; <strong>Choir<\/strong>, <strong>Collegium Marianum<\/strong> und andere auftreten. Das Lednice-Valtice-Musikfestival 2024 wird erneut eine unkonventionelle Dramaturgie vorstellen, und die Zuh\u00f6rer haben die M\u00f6glichkeit, sie an historisch und k\u00fcnstlerisch gepr\u00e4gten Orten des LVA und nahegelegener St\u00e4dte zu genie\u00dfen. Freuen Sie sich auf dieses (nicht nur) musikalische Erlebnis vom 28. September bis zum 12. Oktober 2024, mit Prolog am 14. September 2024.<\/p>\n<p>&nbsp;<\/p>\n<p>Lassen Sie sich von der Atmosph\u00e4re mitrei\u00dfen, die Kunst, Musik und Architektur verbindet. All dies mit der freundlichen Unterst\u00fctzung unserer Partner, ohne deren Hilfe dieses einzigartige kulturelle Projekt nicht h\u00e4tte realisiert werden k\u00f6nnen.<\/p>\n<p>&nbsp;<\/p>\n<p>&nbsp;<\/p>\n<p>MgA. Ji\u0159\u00ed Partyka, <strong>Direktor des LVMF<\/strong><\/p>","protected":false},"excerpt":{"rendered":"<p>Sehr geehrte Zuh\u00f6rerinnen und Zuh\u00f6rer, gesch\u00e4tzte Unterst\u00fctzerinnen und Unterst\u00fctzer des LVMF, &nbsp; &nbsp; erlauben Sie mir, Ihnen das kommende Festival vorzustellen, das Sie in die mystische Zeit des Lednice-Valtice-Areals entf\u00fchren wird, das eng mit seiner historischen Bedeutung verbunden ist. Der Lednice Park, einer der bedeutendsten Gartenkomplexe in Mitteleuropa, zieht nach wie vor mit seinem reichen [&#46;&#46;&#46;]<\/p>\n","protected":false},"author":2,"featured_media":21357,"comment_status":"closed","ping_status":"closed","sticky":false,"template":"","format":"standard","meta":{"footnotes":""},"categories":[1],"tags":[],"fotogalerie":[],"hudebni-video":[],"acf":[],"_links":{"self":[{"href":"https:\/\/www.lvhf.cz\/de\/wp-json\/wp\/v2\/posts\/21351"}],"collection":[{"href":"https:\/\/www.lvhf.cz\/de\/wp-json\/wp\/v2\/posts"}],"about":[{"href":"https:\/\/www.lvhf.cz\/de\/wp-json\/wp\/v2\/types\/post"}],"author":[{"embeddable":true,"href":"https:\/\/www.lvhf.cz\/de\/wp-json\/wp\/v2\/users\/2"}],"replies":[{"embeddable":true,"href":"https:\/\/www.lvhf.cz\/de\/wp-json\/wp\/v2\/comments?post=21351"}],"version-history":[{"count":12,"href":"https:\/\/www.lvhf.cz\/de\/wp-json\/wp\/v2\/posts\/21351\/revisions"}],"predecessor-version":[{"id":22287,"href":"https:\/\/www.lvhf.cz\/de\/wp-json\/wp\/v2\/posts\/21351\/revisions\/22287"}],"wp:featuredmedia":[{"embeddable":true,"href":"https:\/\/www.lvhf.cz\/de\/wp-json\/wp\/v2\/media\/21357"}],"wp:attachment":[{"href":"https:\/\/www.lvhf.cz\/de\/wp-json\/wp\/v2\/media?parent=21351"}],"wp:term":[{"taxonomy":"category","embeddable":true,"href":"https:\/\/www.lvhf.cz\/de\/wp-json\/wp\/v2\/categories?post=21351"},{"taxonomy":"post_tag","embeddable":true,"href":"https:\/\/www.lvhf.cz\/de\/wp-json\/wp\/v2\/tags?post=21351"},{"taxonomy":"fotogalerie","embeddable":true,"href":"https:\/\/www.lvhf.cz\/de\/wp-json\/wp\/v2\/fotogalerie?post=21351"},{"taxonomy":"hudebni-video","embeddable":true,"href":"https:\/\/www.lvhf.cz\/de\/wp-json\/wp\/v2\/hudebni-video?post=21351"}],"curies":[{"name":"wp","href":"https:\/\/api.w.org\/{rel}","templated":true}]}}