{"id":19916,"date":"2023-03-15T08:58:47","date_gmt":"2023-03-15T07:58:47","guid":{"rendered":"https:\/\/www.lvhf.cz\/?p=19916"},"modified":"2023-03-15T11:18:33","modified_gmt":"2023-03-15T10:18:33","slug":"8-rocnik-lvhf-ovladnou-mladi-talenti","status":"publish","type":"post","link":"https:\/\/www.lvhf.cz\/de\/8-rocnik-lvhf-ovladnou-mladi-talenti\/","title":{"rendered":"Den 8. Jahrgang des LVMF bestimmen junge Talente!"},"content":{"rendered":"<p>Werte Freunde und G\u00e4ste des Lednice-Valtice Musikfestivals,<\/p>\n<p>es ist ein weiteres Jahr vergangen, dessen Hauptaugenmerk f\u00fcr uns auf der Inspiration vom Balkan und auf der Vergangenheit der m\u00e4hrischen Kroaten lag. Ihre Musik, ihr Temperament und ihre Geschichten sprachen durch die Konzerte des 7. Festivaljahrgangs zu uns Zuh\u00f6rern.<br>\nDurch die Vergangenheit und Geschichte, die auch meine Person und meine kroatischen Wurzeln ber\u00fchrte, wurde mir klar, dass alles irgendwo seinen Anfang hat. Um etwas Neues und Wunderbares zu entdecken, m\u00fcssen wir die M\u00f6glichkeit dazu haben. Deshalb habe ich mich entschieden, <strong>den 8.<\/strong> Festivaljahrgang dem Aufbruch junger <strong>Musiktalente unter 25 Jahren zu widmen<\/strong> \u2013 den <i>rising stars<\/i> aus dem In- und Ausland, die bereits auf Konzertb\u00fchnen und anerkannten Wettbewerben beweisen, dass sie eine gro\u00dfartige k\u00fcnstlerische Zukunft erwartet!<\/p>\n<p>Zu Beginn ist immer die Unterst\u00fctzung anderer n\u00f6tig. Die Gewissheit, dass einen jemand sieht, die eigenen F\u00e4higkeiten und das Potenzial wahrnimmt. Perfektion ist eine Selbstverst\u00e4ndlichkeit. Man k\u00f6nnte meinen, in seinem Leben schon viel gesehen und erlebt zu haben, aber dann lernt man junge Musiker kennen und ist erstaunt, was sie k\u00f6nnen und in jungen Jahren schon geleistet haben. Ihre Begeisterung f\u00fcr Musik und ihr Talent m\u00f6chte ich den Zuh\u00f6rern in S\u00fcdm\u00e4hren gern vorstellen.<\/p>\n<p>&nbsp;<\/p>\n<p>Neben tschechischen Musikern treten auch Musikanten aus den Vereinigten <strong>Staaten von Amerika<\/strong>, <strong>Norwegen<\/strong> und der <strong>Ukraine<\/strong> auf. Begleitet werden sie dabei von namhaften Musikensembles und Orchestern. Au\u00dferdem hat die <strong>Philharmonie Br\u00fcnn<\/strong> beim Festival ihre Premiere. Vor allem aber wird es um die Jugend und die F\u00f6rderung derer gehen, die erst am Anfang ihrer musikalischen Karriere stehen.<\/p>\n<p>&nbsp;<\/p>\n<p>Wir werden den Zuh\u00f6rern nicht nur gro\u00dfartige Musikerlebnisse bieten, sondern auch neue Konzertorte vorstellen &#8211; den Torso von <strong>Schloss Katzelsdorf<\/strong>, das <strong>Weingut Obelisk<\/strong> und den Bohuslav-Martin\u016f-Saal im <strong>Palais Liechtenstein<\/strong> auf der Prager Kleinseite.<\/p>\n<p>Nehmen Sie deshalb unsere Einladung an und reservieren Sie Ihren Eintritt zu einzelnen Konzerten und Themenvortr\u00e4gen ganz nach Ihrem Interess bereits im Voraus. Wir freuen uns, wenn Sie uns besuchen und mit uns angenehme Momente an besonderen Orten mit ihrem ganz eigenen genius loci verbringen, in Gesellschaft von Spitzenk\u00fcnstlern und Musik, die Ihr Herz erobert.<\/p>\n<p>&nbsp;<\/p>\n<p>Mit Gr\u00fc\u00dfen und W\u00fcnschen f\u00fcr friedliche Tage<\/p>\n<p>&nbsp;<\/p>\n<p><strong>Festivalleiter Ji\u0159\u00ed Partyka und das LVHF-Team<\/strong><\/p>\n<p><noscript><img fetchpriority=\"high\" decoding=\"async\" class=\"aligncenter\" src=\"https:\/\/www.lvhf.cz\/wp-content\/uploads\/2023\/03\/Jiri-Partyka_reditel-LVHF.jpg\" width=\"292\" height=\"389\" alt><\/noscript><img fetchpriority=\"high\" decoding=\"async\" class=\"aligncenter lazyload\" src=\"data:image\/svg+xml,%3Csvg%20xmlns%3D%22http%3A%2F%2Fwww.w3.org%2F2000%2Fsvg%22%20viewBox%3D%220%200%20292%20389%22%3E%3C%2Fsvg%3E\" width=\"292\" height=\"389\" alt data-src=\"https:\/\/www.lvhf.cz\/wp-content\/uploads\/2023\/03\/Jiri-Partyka_reditel-LVHF.jpg\"><\/p>\n<p>&nbsp;<\/p>\n<p style=\"text-align: center;\"><strong>PROGRAMM 2023<\/strong><\/p>\n<p style=\"text-align: center;\"><span style=\"font-weight: 400; font-size: 18pt;\"><a href=\"https:\/\/www.lvhf.cz\/program-a-vstupenky\/\">Programm und Tickets<\/a><\/span><\/p>\n<p style=\"text-align: center;\">\u2026\u2026\u2026\u2026\u2026\u2026\u2026\u2026\u2026\u2026\u2026\u2026\u2026\u2026\u2026\u2026\u2026\u2026\u2026\u2026\u2026\u2026\u2026\u2026\u2026\u2026\u2026\u2026\u2026\u2026\u2026\u2026\u2026\u2026\u2026\u2026\u2026\u2026\u2026\u2026\u2026\u2026\u2026\u2026\u2026\u2026\u2026\u2026\u2026\u2026<\/p>\n<p>&nbsp;<\/p>\n<p style=\"text-align: center;\"><b>Neue Konzertorte<\/b><\/p>\n<p>&nbsp;<\/p>\n<p>Die nun schon bew\u00e4hrte Tradition gebietet, dass mit einem neuen Jahrgang auch neue Konzertr\u00e4ume hinzukommen. Auch in diesem Jahr ist dem so, wir werden den Festivalbesuchern gleich <strong>drei neue Objekte pr\u00e4sentieren<\/strong>!<\/p>\n<p>Das Festival erweitert seine Pr\u00e4senz um ein weiteres Denkmal, das mit der Familie Liechtenstein verbunden ist \u2013 Interessierte k\u00f6nnen einem Konzert der vielversprechendsten aktuellen Studenten der Musik- und Tanzfakult\u00e4t der Akademie der musischen K\u00fcnste in den R\u00e4umlichkeiten des <strong>Palais Liechtenstein auf der Kleinseite in Prag lauschen<\/strong>, wo die Akademie ihren Sitz hat.<\/p>\n<p>Mit dem zweiten Ort verbleiben wir auf dem Gebiet S\u00fcdm\u00e4hrens und fahren etwas \u00fcber Valtice hinaus in Richtung \u00d6sterreich. Nahe der Grenze liegt der Torso von <strong>Schloss Katzelsdorf<\/strong>, der w\u00e4hrend der Pandemie von einheimischen Enthusiasten ausgegraben wurde. Heute hat das unter Feldmarschall Johann I. Joseph von Liechtenstein (Oberhaupt der Familie 1805\u20131836) erbaute Jagdschloss den Status eines Kulturdenkmals, und die Gesellschaft, die sich um seine Restaurierung bem\u00fcht, wird von Anwohnern und Gesch\u00e4ftsleuten unterst\u00fctzt.<\/p>\n<p>Der dritte Raum ist das architektonisch einzigartige Geb\u00e4ude des <strong>Weinguts Obelisk<\/strong>, das mit seiner strategischen Lage oberhalb von Valtice einen atemberaubenden Blick auf die ferne Umgebung bietet.<\/p>\n<p>&nbsp;<\/p>\n<p><noscript><img loading=\"lazy\" decoding=\"async\" class src=\"https:\/\/www.lvhf.cz\/wp-content\/uploads\/2023\/03\/IMG_3901-1-scaled.jpg\" alt width=\"365\" height=\"274\"><\/noscript><img loading=\"lazy\" decoding=\"async\" class=\" lazyload\" src=\"data:image\/svg+xml,%3Csvg%20xmlns%3D%22http%3A%2F%2Fwww.w3.org%2F2000%2Fsvg%22%20viewBox%3D%220%200%20365%20274%22%3E%3C%2Fsvg%3E\" alt width=\"365\" height=\"274\" data-src=\"https:\/\/www.lvhf.cz\/wp-content\/uploads\/2023\/03\/IMG_3901-1-scaled.jpg\"><noscript><img loading=\"lazy\" decoding=\"async\" class src=\"https:\/\/www.lvhf.cz\/wp-content\/uploads\/2023\/03\/3-scaled-e1678872969631.jpg\" alt width=\"354\" height=\"273\"><\/noscript><img loading=\"lazy\" decoding=\"async\" class=\" lazyload\" src=\"data:image\/svg+xml,%3Csvg%20xmlns%3D%22http%3A%2F%2Fwww.w3.org%2F2000%2Fsvg%22%20viewBox%3D%220%200%20354%20273%22%3E%3C%2Fsvg%3E\" alt width=\"354\" height=\"273\" data-src=\"https:\/\/www.lvhf.cz\/wp-content\/uploads\/2023\/03\/3-scaled-e1678872969631.jpg\"><noscript><img loading=\"lazy\" decoding=\"async\" class src=\"https:\/\/www.lvhf.cz\/wp-content\/uploads\/2023\/03\/Vinarstvi_Obelisk_Valtice_01-e1678011669125.jpg\" alt width=\"365\" height=\"274\"><\/noscript><img loading=\"lazy\" decoding=\"async\" class=\" lazyload\" src=\"data:image\/svg+xml,%3Csvg%20xmlns%3D%22http%3A%2F%2Fwww.w3.org%2F2000%2Fsvg%22%20viewBox%3D%220%200%20365%20274%22%3E%3C%2Fsvg%3E\" alt width=\"365\" height=\"274\" data-src=\"https:\/\/www.lvhf.cz\/wp-content\/uploads\/2023\/03\/Vinarstvi_Obelisk_Valtice_01-e1678011669125.jpg\"><\/p>\n<p style=\"text-align: center;\">\u2026\u2026\u2026\u2026\u2026\u2026\u2026\u2026\u2026\u2026\u2026\u2026\u2026\u2026\u2026\u2026\u2026\u2026\u2026\u2026\u2026\u2026\u2026\u2026\u2026\u2026\u2026\u2026\u2026\u2026\u2026\u2026\u2026\u2026\u2026\u2026\u2026\u2026\u2026\u2026\u2026\u2026\u2026\u2026\u2026\u2026\u2026\u2026\u2026\u2026<\/p>\n<p style=\"text-align: center;\"><b>Tickets f\u00fcr das LVMF 2023<\/b><\/p>\n<p style=\"text-align: center;\"><b>k\u00f6nnen Sie ab Mittwoch den 15. M\u00e4rz ab 10 Uhr kaufen oder reservieren<\/b><\/p>\n<ul>\n<li aria-level=\"1\">online unter <a href=\"http:\/\/www.lvhf.cz\">&nbsp;www.lvhf.cz<\/a><\/li>\n<li aria-level=\"1\">telephonisch unter der Nummer +420 774 710 621 (Mo\u2013Fr von 9:30 bis 16:30) oder per E-Mail an die Adresse <a href=\"mailto:prodej@lvhf.cz\">prodej@lvhf.cz<\/a><\/li>\n<li aria-level=\"1\"><a href=\"https:\/\/lvhf.us20.list-manage.com\/track\/click?u=125c4090bd941b79afcb6b0d0&amp;id=3dd4d802d2&amp;e=1254a54f9a\" target=\"_blank\" rel=\"noopener\">an den Verkaufsstellen des LVMF<\/a><\/li>\n<\/ul>\n<p style=\"text-align: center;\">\u2026\u2026\u2026\u2026\u2026\u2026\u2026\u2026\u2026\u2026\u2026\u2026\u2026\u2026\u2026\u2026\u2026\u2026\u2026\u2026\u2026\u2026\u2026\u2026\u2026\u2026\u2026\u2026\u2026\u2026\u2026\u2026\u2026\u2026\u2026\u2026\u2026\u2026\u2026\u2026\u2026\u2026\u2026\u2026\u2026\u2026\u2026\u2026\u2026\u2026<\/p>\n<p>An diesem Ehrenplatz gilt unser gro\u00dfer Dank der ZFP Group \u2013 ZFP akademie, a. s., <strong>die in diesem Jahr zum siebten Mal Generalpartner des Musikfestivals Lednice-Valtice wurde<\/strong>.<\/p>\n<p>\u201eIm letzten Jahrgang haben wir es geschafft, fast die H\u00e4lfte des gesamten Programms zu besuchen &#8211; gro\u00dfe Konzerte in der Schlossreithalle Valtice und intime Treffen im Schloss Pohansko. Und wir waren begeistert. Das Niveau der einzelnen Konzerte ist sehr hoch und alles ist mit einer einheitlichen und doch leicht unterschiedlichen Dramaturgie innerhalb der einzelnen Jahrg\u00e4nge durchsetzt. Wir freuen uns, dass wir dem Festival zur Seite stehen und zu seiner Entwicklung beitragen k\u00f6nnen, die auch uns, die H\u00f6rer, mit hochwertiger Musik und einzigartigen Erlebnissen bereichert.&#8220;<\/p>\n<p><strong>Jarmila und Vladim\u00edr Poliak<\/strong>, Gr\u00fcnder und Hauptaktion\u00e4re der ZFP akademie, a. s.<\/p>\n<p><noscript><img loading=\"lazy\" decoding=\"async\" class=\"aligncenter\" src=\"https:\/\/www.lvhf.cz\/wp-content\/uploads\/2021\/03\/orez_zfp_akademie_rgb-e1614663714837.png\" alt width=\"221\" height=\"206\"><\/noscript><img loading=\"lazy\" decoding=\"async\" class=\"aligncenter lazyload\" src=\"data:image\/svg+xml,%3Csvg%20xmlns%3D%22http%3A%2F%2Fwww.w3.org%2F2000%2Fsvg%22%20viewBox%3D%220%200%20221%20206%22%3E%3C%2Fsvg%3E\" alt width=\"221\" height=\"206\" data-src=\"https:\/\/www.lvhf.cz\/wp-content\/uploads\/2021\/03\/orez_zfp_akademie_rgb-e1614663714837.png\"><\/p>","protected":false},"excerpt":{"rendered":"<p>Werte Freunde und G\u00e4ste des Lednice-Valtice Musikfestivals, es ist ein weiteres Jahr vergangen, dessen Hauptaugenmerk f\u00fcr uns auf der Inspiration vom Balkan und auf der Vergangenheit der m\u00e4hrischen Kroaten lag. Ihre Musik, ihr Temperament und ihre Geschichten sprachen durch die Konzerte des 7. Festivaljahrgangs zu uns Zuh\u00f6rern. Durch die Vergangenheit und Geschichte, die auch meine [&#46;&#46;&#46;]<\/p>\n","protected":false},"author":9,"featured_media":19917,"comment_status":"closed","ping_status":"closed","sticky":false,"template":"","format":"standard","meta":{"footnotes":""},"categories":[111],"tags":[],"fotogalerie":[],"hudebni-video":[],"acf":[],"_links":{"self":[{"href":"https:\/\/www.lvhf.cz\/de\/wp-json\/wp\/v2\/posts\/19916"}],"collection":[{"href":"https:\/\/www.lvhf.cz\/de\/wp-json\/wp\/v2\/posts"}],"about":[{"href":"https:\/\/www.lvhf.cz\/de\/wp-json\/wp\/v2\/types\/post"}],"author":[{"embeddable":true,"href":"https:\/\/www.lvhf.cz\/de\/wp-json\/wp\/v2\/users\/9"}],"replies":[{"embeddable":true,"href":"https:\/\/www.lvhf.cz\/de\/wp-json\/wp\/v2\/comments?post=19916"}],"version-history":[{"count":45,"href":"https:\/\/www.lvhf.cz\/de\/wp-json\/wp\/v2\/posts\/19916\/revisions"}],"predecessor-version":[{"id":19975,"href":"https:\/\/www.lvhf.cz\/de\/wp-json\/wp\/v2\/posts\/19916\/revisions\/19975"}],"wp:featuredmedia":[{"embeddable":true,"href":"https:\/\/www.lvhf.cz\/de\/wp-json\/wp\/v2\/media\/19917"}],"wp:attachment":[{"href":"https:\/\/www.lvhf.cz\/de\/wp-json\/wp\/v2\/media?parent=19916"}],"wp:term":[{"taxonomy":"category","embeddable":true,"href":"https:\/\/www.lvhf.cz\/de\/wp-json\/wp\/v2\/categories?post=19916"},{"taxonomy":"post_tag","embeddable":true,"href":"https:\/\/www.lvhf.cz\/de\/wp-json\/wp\/v2\/tags?post=19916"},{"taxonomy":"fotogalerie","embeddable":true,"href":"https:\/\/www.lvhf.cz\/de\/wp-json\/wp\/v2\/fotogalerie?post=19916"},{"taxonomy":"hudebni-video","embeddable":true,"href":"https:\/\/www.lvhf.cz\/de\/wp-json\/wp\/v2\/hudebni-video?post=19916"}],"curies":[{"name":"wp","href":"https:\/\/api.w.org\/{rel}","templated":true}]}}